{"id":196,"date":"2016-02-19T13:04:24","date_gmt":"2016-02-19T12:04:24","guid":{"rendered":"http:\/\/www.chiaradanza.it\/?p=196"},"modified":"2016-02-26T09:32:21","modified_gmt":"2016-02-26T08:32:21","slug":"seminario-con-dominique-dupuy","status":"publish","type":"post","link":"https:\/\/www.chiaradanza.it\/?p=196","title":{"rendered":"Seminario con  Dominique Dupuy"},"content":{"rendered":"<p style=\"text-align: center;\"><a class=\"swipebox\" href=\"https:\/\/www.chiaradanza.it\/wp-content\/uploads\/2015\/12\/dominique-duouy.jpg\"><img loading=\"lazy\" decoding=\"async\" class=\"alignnone size-full wp-image-164 aligncenter\" src=\"https:\/\/www.chiaradanza.it\/wp-content\/uploads\/2015\/12\/dominique-duouy.jpg\" alt=\"dominique duouy\" width=\"353\" height=\"233\" srcset=\"https:\/\/www.chiaradanza.it\/wp-content\/uploads\/2015\/12\/dominique-duouy.jpg 353w, https:\/\/www.chiaradanza.it\/wp-content\/uploads\/2015\/12\/dominique-duouy-300x198.jpg 300w\" sizes=\"auto, (max-width: 353px) 100vw, 353px\" \/><\/a><\/p>\n<p style=\"text-align: center;\">Chiaradanza in collaborazione con\u00a0 Istituto Francese di Napoi e Takla Improvising Group (MI)<\/p>\n<p style=\"text-align: center;\">Dominique Dupuy: una vita dedicata alla danza\/une vie dedi\u00e8e \u00e0 la danse<\/p>\n<p style=\"text-align: center;\">Organizzazione a cura di Linda Martinelli<\/p>\n<p style=\"text-align: center;\">info@chiaradanza.it<\/p>\n<p style=\"text-align: center;\">DOMINIQUE DUPUY (Parigi &#8211; 31 ottobre 1930)<\/p>\n<p style=\"text-align: center;\">Dominique Dupuy ha conosciuto la danza all\u2019et\u00e0 di otto anni prima della Seconda Guerra Mondiale con Jean Weidt che ha ritrovato dal 1946 al 1949 nella grande avventura dei Ballets des Arts.<\/p>\n<p style=\"text-align: center;\">E\u2019 stato dal 1989 al 1991 Ispettore della creazione e della distribuzione della Delegazione della Danza\u00a0 al Ministero della Cultura.<\/p>\n<p style=\"text-align: center;\">Nel frattempo ha \u201cattraversato\u201d la danza, da solo o con Fran\u00e7oise Dupuy, come danzatore e coreografo inizialmente con tutta una gamma di lavori creati in seno alla compagnia dei Ballets Modernes di Parigi dal 1955 al 1975, come animatore prevedendo e dando inzio a tutto quello che successivamente \u00e8 stato ripreso nel quadro politico della danza; come pedagogo dedicandosi a cercare un\u2019 alchimia sottile tra le differenti tecniche praticate nel corso degli anni, che siano di danza, teatro, mimo, acrobazia, arti marziali ecc<\/p>\n<p style=\"text-align: center;\">In questi tre generi di attivit\u00e0 la creazione \u00e8\u00a0 sempre stata il motore e il centro, e ognuno di essi \u00e8 stato accompagnato dalla scrittura di numerosi testi e articoli.<\/p>\n<p style=\"text-align: center;\">Nel maggio 1991 crea il Dipartimento di Danza all\u2019interno dell\u2019Institut de P\u00e9dagogie Musicale et Chor\u00e9graphique Cit\u00e9 de la Musique de la Villette, iniziando una riflessione profonda non solamente intorno alla pedagogia ma anche sulla ricerca in danza.<\/p>\n<p style=\"text-align: center;\">Lasciato l\u2019IPMC si dedica all\u2019argomento al quale aveva consacrato una grande energia con la creazione di un Centro di Studi e di Ricerca di Danza Contemporanea dove ha sviluppato le sue attivit\u00e0 dal 1996 al 2007.<\/p>\n<p style=\"text-align: center;\">Oggi, ritornato a Parigi, fonda con Fran\u00e7oise Dupuy una nuova associazione, Ode apr\u00e8s l\u2019Orage con la quale creer\u00e0 un nuovo grande progetto di ricerca sulle \u201cMutations de la danse moderne \u00e0 la danse contemporaine\u201d.\u00a0 Ha preparato una \u201crentr\u00e9e\u201d coreografica a Parigi al Th\u00e9atre de Chaillot che si \u00e8 svolta a gennaio 2010 con la creazione di due soli, uno per Fran\u00e7oise Dupuy e l\u2019altro per Wu Zheng.Parallelamente prosegue il suo lavoro d\u2019insegnamento in Francia e all\u2019estero, in particolare in Italia ; ha due libri appena usciti : &#8220;Danzare Oltre. Scritti per la danza&#8221; apparso a maggio 2011 e La sagesse du danseur apparso a fine 2011<\/p>\n","protected":false},"excerpt":{"rendered":"<p>Chiaradanza in collaborazione con\u00a0 Istituto Francese di Napoi e Takla Improvising Group (MI) Dominique Dupuy:&#8230;<\/p>\n<div class=\"more-link-wrapper\"><a class=\"more-link\" href=\"https:\/\/www.chiaradanza.it\/?p=196\">Continua a leggere<span class=\"screen-reader-text\">Seminario con  Dominique Dupuy<\/span><\/a><\/div>\n","protected":false},"author":1,"featured_media":197,"comment_status":"open","ping_status":"closed","sticky":false,"template":"","format":"standard","meta":{"footnotes":""},"categories":[2],"tags":[],"class_list":["post-196","post","type-post","status-publish","format-standard","has-post-thumbnail","hentry","category-seminari","excerpt","zoom","full-without-featured","even","excerpt-0"],"_links":{"self":[{"href":"https:\/\/www.chiaradanza.it\/index.php?rest_route=\/wp\/v2\/posts\/196","targetHints":{"allow":["GET"]}}],"collection":[{"href":"https:\/\/www.chiaradanza.it\/index.php?rest_route=\/wp\/v2\/posts"}],"about":[{"href":"https:\/\/www.chiaradanza.it\/index.php?rest_route=\/wp\/v2\/types\/post"}],"author":[{"embeddable":true,"href":"https:\/\/www.chiaradanza.it\/index.php?rest_route=\/wp\/v2\/users\/1"}],"replies":[{"embeddable":true,"href":"https:\/\/www.chiaradanza.it\/index.php?rest_route=%2Fwp%2Fv2%2Fcomments&post=196"}],"version-history":[{"count":3,"href":"https:\/\/www.chiaradanza.it\/index.php?rest_route=\/wp\/v2\/posts\/196\/revisions"}],"predecessor-version":[{"id":255,"href":"https:\/\/www.chiaradanza.it\/index.php?rest_route=\/wp\/v2\/posts\/196\/revisions\/255"}],"wp:featuredmedia":[{"embeddable":true,"href":"https:\/\/www.chiaradanza.it\/index.php?rest_route=\/wp\/v2\/media\/197"}],"wp:attachment":[{"href":"https:\/\/www.chiaradanza.it\/index.php?rest_route=%2Fwp%2Fv2%2Fmedia&parent=196"}],"wp:term":[{"taxonomy":"category","embeddable":true,"href":"https:\/\/www.chiaradanza.it\/index.php?rest_route=%2Fwp%2Fv2%2Fcategories&post=196"},{"taxonomy":"post_tag","embeddable":true,"href":"https:\/\/www.chiaradanza.it\/index.php?rest_route=%2Fwp%2Fv2%2Ftags&post=196"}],"curies":[{"name":"wp","href":"https:\/\/api.w.org\/{rel}","templated":true}]}}