{"id":275,"date":"2018-09-20T09:18:37","date_gmt":"2018-09-20T07:18:37","guid":{"rendered":"http:\/\/www.chiaradanza.it\/?p=275"},"modified":"2019-09-25T10:21:10","modified_gmt":"2019-09-25T08:21:10","slug":"275","status":"publish","type":"post","link":"https:\/\/www.chiaradanza.it\/?p=275","title":{"rendered":"LA CONFERENZA DEGLI UCCELLI"},"content":{"rendered":"<p style=\"text-align: center;\">Chiaradanza presenta<\/p>\n<p style=\"text-align: center;\">LA CONFERENZA DEGLI UCCELLI<\/p>\n<p style=\"text-align: center;\">Racconto teatrale di Jean-Claude Carri\u00e8re<\/p>\n<p style=\"text-align: center;\">Dal Poema di Farid Uddin Attar Mantic Uttair<\/p>\n<p style=\"text-align: center;\">Regia di Anna Redi<\/p>\n<p style=\"text-align: center;\">Con (in ordine alfabetico)<\/p>\n<p style=\"text-align: center;\">Souphiene Amiar, Elena Baroglio, Roberto Caccioppoli, Francesca Luce Cardinale, Andrea Caschetto,Tommaso De Santis, Manuela Fiscarelli, Carolina Patino, Valeria Sacchi.<\/p>\n<p style=\"text-align: center;\">design teatrale Raffaele Di Florio<\/p>\n<p style=\"text-align: center;\">costumi di Simona Marra<\/p>\n<p style=\"text-align: center;\">con la partecipazione del Coro di Voci Bianche della scuola Eccher diretto da Chiara Biondani<\/p>\n<p style=\"text-align: center;\">trainer vocale Elena Baroglio<\/p>\n<p style=\"text-align: center;\">consulenza musicale Piero Grassini<\/p>\n<p style=\"text-align: center;\">organizzazione Linda Martinelli<\/p>\n<p style=\"text-align: center;\">produzione Chiaradanza<\/p>\n<p style=\"text-align: center;\">in collaborazione con<\/p>\n<p style=\"text-align: center;\">Scuola di musica C. Eccher Societ\u00e0 Cooperativa,<\/p>\n<p style=\"text-align: center;\">Scuola Musicale G.Gallo<\/p>\n<p style=\"text-align: center;\">Servizi Culturali Val di Non e di Sole,<\/p>\n<p style=\"text-align: center;\">Associazione culturale LeArTi<\/p>\n<p style=\"text-align: center;\">Special thanks: Nuovo Cinema Palazzo, Biblioteca condominiale di Roma, Korper di Gennaro Cimminio.<\/p>\n<p style=\"text-align: center;\">Sinossi<\/p>\n<p style=\"text-align: center;\">Cercavo da anni le condizioni per poter mettere in scena questo testo e la creazione di questo gruppo teatrale di non soli napoletani ma anche con performer algerini, cileni e di altri luoghi a me non familiari me lo ha reso possibile.<\/p>\n<p style=\"text-align: center;\">Come immettersi insieme in un materiale che mentre parla al pubblico parli anche a noi stessi?<\/p>\n<p style=\"text-align: center;\">Si narra che Attar, commerciante di profumi, scrisse La Conferenza degli uccelli nel XII secolo in Persia, dopo aver subito uno shock alla vista della morte di un mendicante a cui aveva rifiutato l&#8217;elemosina. Da quel momento il suo cuore si apr\u00ec alla vita spirituale.<\/p>\n<p style=\"text-align: center;\">La storia, gi\u00e0 nota nella letteratura islamica, narra di un gruppo di uccelli che viaggiano alla ricerca del loro vero re. E&#8217; un viaggio iniziatico pieno di ostacoli e trappole per ritrovare se stessi.<\/p>\n<p style=\"text-align: center;\">Jean Claude Carriere ne ha scritto una riduzione teatrale dove la semplicit\u00e0 \u00e8 veicolo di profondit\u00e0.<\/p>\n<p style=\"text-align: center;\">L&#8217; Upupa, l&#8217;uccello-guida parla agli spettatori come fossero partecipi del viaggio.<\/p>\n<p style=\"text-align: center;\">Ognuno degli attori danzatori interpreta pi\u00f9 personaggi col minimo di aiuto scenico o di costumi, alla ricerca di una esattezza e agilit\u00e0 attorale per passare da derviscio a principessa, da principessa ad uccello.<\/p>\n<p style=\"text-align: center;\">Come la narrazione passa da un livello pi\u00f9 denso, con caratterizzazioni degli uccelli che incarnano i tipi umani, ad un livello pi\u00f9 sottile in cui i sopravvissuti al viaggio si avvicinano alla propria essenza, cos\u00ec anche la recitazione andr\u00e0 progressivamente perdendo di artifici esteriori per avvicinarsi al nucleo: l&#8217;essere umano che si pone di fronte a se stesso.<\/p>\n<p>\u00a0<\/p>\n<p>Si \u00e8 svolto nelle seguenti date:<\/p>\n<p>7 e 8 luglio 2018 Sala Assoli di Napoli per\u00a0<a href=\"https:\/\/www.napoliteatrofestival.it\/spettacolo\/la-conferenza-degli-uccelli\/\">Napoli Teatro Festival<\/a><\/p>\n<p>29 dicembre 2018 Isernia Sala della Provincia<\/p>\n<p>29\/30 marzo 2019 Ex lavanderia Roma<\/p>\n<p>31 marzo Napoli Teatro Nuovo nell\u2019ambito di \u201cQuelli che la danza\u201d<\/p>\n<p>18\/19 maggio\u00a0<a href=\"https:\/\/www.facebook.com\/pg\/laconferenzadegliuccelli\/posts\/\">Cavallerizza irreale Torino<\/a><\/p>\n<p>PROSSIME DATE<\/p>\n<p>24\/11\u00a0 Ostuni Roma<\/p>\n\n\n<figure class=\"wp-block-video\"><video controls src=\"https:\/\/www.chiaradanza.it\/wp-content\/uploads\/2019\/09\/Conferenza-degli-Uccelli.mp4\"><\/video><\/figure>\n","protected":false},"excerpt":{"rendered":"<p>Chiaradanza presenta LA CONFERENZA DEGLI UCCELLI Racconto teatrale di Jean-Claude Carri\u00e8re Dal Poema di Farid&#8230;<\/p>\n<div class=\"more-link-wrapper\"><a class=\"more-link\" href=\"https:\/\/www.chiaradanza.it\/?p=275\">Continua a leggere<span class=\"screen-reader-text\">LA CONFERENZA DEGLI UCCELLI<\/span><\/a><\/div>\n","protected":false},"author":1,"featured_media":1098,"comment_status":"open","ping_status":"closed","sticky":false,"template":"","format":"standard","meta":{"footnotes":""},"categories":[4],"tags":[],"class_list":["post-275","post","type-post","status-publish","format-standard","has-post-thumbnail","hentry","category-spettacoli","excerpt","zoom","full-without-featured","even","excerpt-0"],"_links":{"self":[{"href":"https:\/\/www.chiaradanza.it\/index.php?rest_route=\/wp\/v2\/posts\/275","targetHints":{"allow":["GET"]}}],"collection":[{"href":"https:\/\/www.chiaradanza.it\/index.php?rest_route=\/wp\/v2\/posts"}],"about":[{"href":"https:\/\/www.chiaradanza.it\/index.php?rest_route=\/wp\/v2\/types\/post"}],"author":[{"embeddable":true,"href":"https:\/\/www.chiaradanza.it\/index.php?rest_route=\/wp\/v2\/users\/1"}],"replies":[{"embeddable":true,"href":"https:\/\/www.chiaradanza.it\/index.php?rest_route=%2Fwp%2Fv2%2Fcomments&post=275"}],"version-history":[{"count":3,"href":"https:\/\/www.chiaradanza.it\/index.php?rest_route=\/wp\/v2\/posts\/275\/revisions"}],"predecessor-version":[{"id":1100,"href":"https:\/\/www.chiaradanza.it\/index.php?rest_route=\/wp\/v2\/posts\/275\/revisions\/1100"}],"wp:featuredmedia":[{"embeddable":true,"href":"https:\/\/www.chiaradanza.it\/index.php?rest_route=\/wp\/v2\/media\/1098"}],"wp:attachment":[{"href":"https:\/\/www.chiaradanza.it\/index.php?rest_route=%2Fwp%2Fv2%2Fmedia&parent=275"}],"wp:term":[{"taxonomy":"category","embeddable":true,"href":"https:\/\/www.chiaradanza.it\/index.php?rest_route=%2Fwp%2Fv2%2Fcategories&post=275"},{"taxonomy":"post_tag","embeddable":true,"href":"https:\/\/www.chiaradanza.it\/index.php?rest_route=%2Fwp%2Fv2%2Ftags&post=275"}],"curies":[{"name":"wp","href":"https:\/\/api.w.org\/{rel}","templated":true}]}}